{"id":631,"date":"2018-02-27T17:25:50","date_gmt":"2018-02-27T17:25:50","guid":{"rendered":"http:\/\/blog.morcsimuhely.hu\/?p=1"},"modified":"2018-02-27T17:25:50","modified_gmt":"2018-02-27T17:25:50","slug":"hello-world","status":"publish","type":"post","link":"https:\/\/morellahandwoven.hu\/index.php\/2018\/02\/27\/hello-world\/","title":{"rendered":"Sziasztok!"},"content":{"rendered":"<p>Ezen az oldalon szeretn\u00e9m \u00f6sszegy\u0171jteni a szerte\u00e1gaz\u00f3 \u00e9rdekl\u0151d\u00e9si, tev\u00e9kenys\u00e9gi k\u00f6r\u00f6met. Az elm\u00falt 10 \u00e9vben meg\u00e9rintett a szappank\u00e9sz\u00edt\u00e9s, tejterm\u00e9kek, sajtok el\u0151\u00e1ll\u00edt\u00e1sa, \u00faj\u00edtottam fel b\u00fatorokat, k\u00f6t\u00f6k, horgolok, fonok, sz\u00f6v\u00f6k\u2026<\/p>\n","protected":false},"excerpt":{"rendered":"<p>Ezen az oldalon szeretn\u00e9m \u00f6sszegy\u0171jteni a szerte\u00e1gaz\u00f3 \u00e9rdekl\u0151d\u00e9si, tev\u00e9kenys\u00e9gi k\u00f6r\u00f6met. Az elm\u00falt 10 \u00e9vben meg\u00e9rintett a szappank\u00e9sz\u00edt\u00e9s, tejterm\u00e9kek, sajtok el\u0151\u00e1ll\u00edt\u00e1sa, \u00faj\u00edtottam fel b\u00fatorokat, k\u00f6t\u00f6k, horgolok, fonok, sz\u00f6v\u00f6k\u2026<\/p>\n","protected":false},"author":1,"featured_media":0,"comment_status":"open","ping_status":"open","sticky":false,"template":"","format":"standard","meta":{"footnotes":""},"categories":[1],"tags":[],"class_list":["post-631","post","type-post","status-publish","format-standard","hentry","category-uncategorized"],"_links":{"self":[{"href":"https:\/\/morellahandwoven.hu\/index.php\/wp-json\/wp\/v2\/posts\/631","targetHints":{"allow":["GET"]}}],"collection":[{"href":"https:\/\/morellahandwoven.hu\/index.php\/wp-json\/wp\/v2\/posts"}],"about":[{"href":"https:\/\/morellahandwoven.hu\/index.php\/wp-json\/wp\/v2\/types\/post"}],"author":[{"embeddable":true,"href":"https:\/\/morellahandwoven.hu\/index.php\/wp-json\/wp\/v2\/users\/1"}],"replies":[{"embeddable":true,"href":"https:\/\/morellahandwoven.hu\/index.php\/wp-json\/wp\/v2\/comments?post=631"}],"version-history":[{"count":0,"href":"https:\/\/morellahandwoven.hu\/index.php\/wp-json\/wp\/v2\/posts\/631\/revisions"}],"wp:attachment":[{"href":"https:\/\/morellahandwoven.hu\/index.php\/wp-json\/wp\/v2\/media?parent=631"}],"wp:term":[{"taxonomy":"category","embeddable":true,"href":"https:\/\/morellahandwoven.hu\/index.php\/wp-json\/wp\/v2\/categories?post=631"},{"taxonomy":"post_tag","embeddable":true,"href":"https:\/\/morellahandwoven.hu\/index.php\/wp-json\/wp\/v2\/tags?post=631"}],"curies":[{"name":"wp","href":"https:\/\/api.w.org\/{rel}","templated":true}]}}