{"id":644,"date":"2018-05-23T11:23:26","date_gmt":"2018-05-23T10:23:26","guid":{"rendered":"http:\/\/blog.morcsimuhely.hu\/?p=134"},"modified":"2018-05-23T11:23:26","modified_gmt":"2018-05-23T10:23:26","slug":"tajkep-festes-utan","status":"publish","type":"post","link":"https:\/\/morellahandwoven.hu\/index.php\/2018\/05\/23\/tajkep-festes-utan\/","title":{"rendered":"T\u00e1jk\u00e9p fest\u00e9s ut\u00e1n&#8230;"},"content":{"rendered":"<p>Az elm\u00falt k\u00e9t h\u00e9tben teljesen elmer\u00fcltem a festeget\u00e9sben, kipr\u00f3b\u00e1ltam k\u00fcl\u00f6nf\u00e9le alapokat, k\u00fcl\u00f6nf\u00e9le fest\u00e9keket, sz\u00ednkombin\u00e1ci\u00f3kat, a v\u00e9geredm\u00e9ny nem mindig pontosan az lett, amit elterveztem, de \u00e1ltal\u00e1ban tetszik \ud83d\ude42<\/p>\n<p><img loading=\"lazy\" decoding=\"async\" class=\"aligncenter size-large wp-image-135\" src=\"http:\/\/blog.morcsimuhely.hu\/wp-content\/uploads\/2018\/05\/IMG_6073-1024x768.jpg\" alt=\"\" width=\"525\" height=\"394\" \/><\/p>\n<p>Nagy szerelmeim a hosszan \u00e1tmenetesre festett fonalak. J\u00f3 sok macera van vel\u00fck, de a v\u00e9geredm\u00e9ny minden\u00e9rt k\u00e1rp\u00f3tol. \u00c9rdekes, hogy &#8222;t\u00e1lal\u00e1st\u00f3l&#8221; f\u00fcgg\u0151en mennyire m\u00e1snak tudja mutatni mag\u00e1t egy-egy fonal.<\/p>\n<p><img loading=\"lazy\" decoding=\"async\" class=\"aligncenter size-large wp-image-136\" src=\"http:\/\/blog.morcsimuhely.hu\/wp-content\/uploads\/2018\/05\/IMG_5800-1024x768.jpg\" alt=\"\" width=\"525\" height=\"394\" \/><img loading=\"lazy\" decoding=\"async\" class=\"aligncenter size-large wp-image-137\" src=\"http:\/\/blog.morcsimuhely.hu\/wp-content\/uploads\/2018\/05\/IMG_5809-1024x768.jpg\" alt=\"\" width=\"525\" height=\"394\" \/><\/p>\n","protected":false},"excerpt":{"rendered":"<p>Az elm\u00falt k\u00e9t h\u00e9tben teljesen elmer\u00fcltem a festeget\u00e9sben, kipr\u00f3b\u00e1ltam k\u00fcl\u00f6nf\u00e9le alapokat, k\u00fcl\u00f6nf\u00e9le fest\u00e9keket, sz\u00ednkombin\u00e1ci\u00f3kat, a v\u00e9geredm\u00e9ny nem mindig pontosan az lett, amit elterveztem, de \u00e1ltal\u00e1ban tetszik \ud83d\ude42 Nagy szerelmeim a hosszan \u00e1tmenetesre festett fonalak. J\u00f3 sok macera van vel\u00fck, de a v\u00e9geredm\u00e9ny minden\u00e9rt k\u00e1rp\u00f3tol. \u00c9rdekes, hogy &#8222;t\u00e1lal\u00e1st\u00f3l&#8221; f\u00fcgg\u0151en mennyire m\u00e1snak tudja mutatni mag\u00e1t egy-egy fonal.<\/p>\n","protected":false},"author":1,"featured_media":0,"comment_status":"open","ping_status":"open","sticky":false,"template":"","format":"standard","meta":{"footnotes":""},"categories":[102],"tags":[],"class_list":["post-644","post","type-post","status-publish","format-standard","hentry","category-festes"],"_links":{"self":[{"href":"https:\/\/morellahandwoven.hu\/index.php\/wp-json\/wp\/v2\/posts\/644","targetHints":{"allow":["GET"]}}],"collection":[{"href":"https:\/\/morellahandwoven.hu\/index.php\/wp-json\/wp\/v2\/posts"}],"about":[{"href":"https:\/\/morellahandwoven.hu\/index.php\/wp-json\/wp\/v2\/types\/post"}],"author":[{"embeddable":true,"href":"https:\/\/morellahandwoven.hu\/index.php\/wp-json\/wp\/v2\/users\/1"}],"replies":[{"embeddable":true,"href":"https:\/\/morellahandwoven.hu\/index.php\/wp-json\/wp\/v2\/comments?post=644"}],"version-history":[{"count":0,"href":"https:\/\/morellahandwoven.hu\/index.php\/wp-json\/wp\/v2\/posts\/644\/revisions"}],"wp:attachment":[{"href":"https:\/\/morellahandwoven.hu\/index.php\/wp-json\/wp\/v2\/media?parent=644"}],"wp:term":[{"taxonomy":"category","embeddable":true,"href":"https:\/\/morellahandwoven.hu\/index.php\/wp-json\/wp\/v2\/categories?post=644"},{"taxonomy":"post_tag","embeddable":true,"href":"https:\/\/morellahandwoven.hu\/index.php\/wp-json\/wp\/v2\/tags?post=644"}],"curies":[{"name":"wp","href":"https:\/\/api.w.org\/{rel}","templated":true}]}}