{"id":648,"date":"2018-03-08T11:43:15","date_gmt":"2018-03-08T11:43:15","guid":{"rendered":"http:\/\/blog.morcsimuhely.hu\/?p=26"},"modified":"2018-03-08T11:43:15","modified_gmt":"2018-03-08T11:43:15","slug":"juditnal-jartam","status":"publish","type":"post","link":"https:\/\/morellahandwoven.hu\/index.php\/2018\/03\/08\/juditnal-jartam\/","title":{"rendered":"Juditn\u00e1l j\u00e1rtam&#8230;"},"content":{"rendered":"<p>M\u00e1r nagyon r\u00e9g\u00f3ta szerettem volna eljutni <a href=\"https:\/\/www.facebook.com\/Judit-k%C3%A9zzel-sz%C3%B6v%C3%B6tt-s%C3%A1lak-kend%C5%91k-240817289398902\/\">Judit sz\u00f6v\u0151m\u0171hely\u00e9be<\/a>. Eddig\u00a0 visszatartott, hogy h\u00e9tk\u00f6znap a gyerekek miatt nem voltam mobil,\u00a0h\u00e9tv\u00e9g\u00e9re pedig sz\u00e1momra bel\u00e1thatatlan \u00e9s tervezhetetlen t\u00e1vols\u00e1gban lehet id\u0151pontot foglalni. Id\u00e9n a helyzet v\u00e1ltozott, lett heti h\u00e1rom szabad h\u00e9tk\u00f6znapom, amit igyekszem is intenz\u00edven kihaszn\u00e1lni, am\u00edg lehet \ud83d\ude42<\/p>\n<p>Nemr\u00e9g kider\u00fclt, hogy egy szomsz\u00e9dom is szeretne sz\u0151ni, s\u0151t mi t\u00f6bb, \u0151 m\u00e1r k\u00e9tszer j\u00e1rt is Judit m\u0171hely\u00e9ben. Ha belegondolok, csak a k\u00f6zvetlen lak\u00f3k\u00f6rnyezetemben t\u00f6bb emberr\u0151l der\u00fclt ki, hogy a fon\u00e1s, sz\u00f6v\u00e9s m\u0171fajban alkotnak, a sok horgol\u00f3s, k\u00f6t\u0151sr\u0151l nem is besz\u00e9lve! Mindj\u00e1rt nem \u00e9rzem annyira fura bog\u00e1rnak magam&#8230;<\/p>\n<p>Megbesz\u00e9lt\u00fck Eszterrel, hogy menj\u00fcnk egy\u00fctt. \u0150 a t\u00fcrkiz felvet\u00e9sre lett beosztva, melyhez m\u00e1r r\u00e9g\u00f3ta megvolt egy sz\u00e9p k\u00e9k-z\u00f6ld sz\u00edn\u00e1tmenetes fonala. \u00c9n a kis tak\u00e1cssz\u00e9ket kaptam, 4 ny\u00fcst\u00f6s, fekete felvet\u00e9ssel. Kicsit meg is voltam illet\u0151dve a nagy bizalomt\u00f3l, hiszen \u00e9letemben m\u00e1sodszor ker\u00fcltem sz\u00f6v\u0151sz\u00e9khez. Pr\u00f3b\u00e1ltam fejben felk\u00e9sz\u00fclni, feln\u0151ni a feladathoz, el\u0151kerestem a sz\u00f6v\u00e9sre sz\u00e1nt saj\u00e1t fon\u00e1s\u00fa fonalaimat, gondolkodtam lehets\u00e9ges mint\u00e1kon.<\/p>\n<p>Febru\u00e1r utols\u00f3 napj\u00e1n komoly hidegben, h\u00f3ban, nagy izgalommal \u00e9rkezt\u00fcnk a m\u0171helybe. Judit mindj\u00e1rt megmutatta a tak\u00e1cssz\u00e9k m\u0171k\u00f6d\u00e9s\u00e9t, be\u00fcltetett, hogy gyakoroljam a haszn\u00e1lat\u00e1t. Aj\u00e1nlott egy apr\u00f3 vir\u00e1gmint\u00e1t, ami nagyon megtetszett \u00e9s viszonylag k\u00f6nny\u0171 l\u00e1b\u00edtani is. A gyakorl\u00e1st kicsit t\u00falizgultam, sajnos egy felvet\u0151sz\u00e1lat el is szak\u00edtottam, mivel nem fesz\u00edtettem el\u00e9gg\u00e9 meg (a v\u00e9gefel\u00e9 meg egyszer az\u00e9rt, mert t\u00falzottan megfesz\u00edtettem, van m\u00e9g mit tanulni&#8230;).<\/p>\n<figure id=\"attachment_28\" aria-describedby=\"caption-attachment-28\" style=\"width: 525px\" class=\"wp-caption aligncenter\"><a href=\"https:\/\/morellahandwoven.hu\/wp-content\/uploads\/2018\/03\/IMG_3786-scaled-1.jpg\"><img loading=\"lazy\" decoding=\"async\" class=\"size-large wp-image-28\" src=\"http:\/\/blog.morcsimuhely.hu\/wp-content\/uploads\/2018\/03\/IMG_3786-1024x768.jpg\" alt=\"\" width=\"525\" height=\"394\" \/><\/a><figcaption id=\"caption-attachment-28\" class=\"wp-caption-text\">Teljesen lek\u00f6t\u00f6tt az alkot\u00e1s<\/figcaption><\/figure>\n<p>A k\u00f6vetkez\u0151 l\u00e9p\u00e9s a fonal \u00e9s sz\u00ednv\u00e1laszt\u00e1s volt, amivel el\u00e9g sok id\u0151t elvacakoltam. Az biztos volt, hogy a magammal vitt, saj\u00e1t fon\u00e1s\u00fa lila selyemc\u00e9rna lesz az egyik, amit a mint\u00e1z\u00e1shoz haszn\u00e1lok. Elvesztem a Judit polcain sorakoz\u00f3 csod\u00e1k k\u00f6zt, kavarogtak az \u00f6tletek a fejemben. Eleinte sz\u00fcrk\u00e9ben, vagy m\u00e1lyv\u00e1ban gondolkodtam. Eszter r\u00e1mutatott egy csod\u00e1san f\u00e9nyl\u0151, \u00e9l\u00e9nkz\u00f6ld fonalra, hogy ezzel az \u00f6sszhat\u00e1s pont olyan, mint egy j\u00e1cint.<\/p>\n<p>Mivel azon a havas, hideg napon m\u00e1r minden porcik\u00e1m a tavaszra v\u00e1gyott, a j\u00e1cint eml\u00edt\u00e9s\u00e9re azonnal kikaptam, hogy ez kell nekem!!! Egy 100% selyem, Bilum k\u00e9zzel festett fonal. V\u00e9gre megvolt a sz\u00edn, megvolt a minta, nekikezdhettem. Judit azt tan\u00e1csolta, \u00edrjam folyamatosan, hogyan mint\u00e1zok, hogy a fel\u00e9t\u0151l kezdve visszafele haladva a s\u00e1l egyens\u00falyban legyen. Elkezdtem, de a nagy flow-ban valahol egyszer\u0171en elfeledkeztem a jegyzetel\u00e9sr\u0151l. Annyira elb\u0171v\u00f6lt, ahogy a z\u00f6ld mez\u0151ben h\u00faz\u00f3d\u00f3 lila s\u00e1vokb\u00f3l kiemelkedtek az apr\u00f3 z\u00f6ld vir\u00e1gok, hol \u00f6t sort, hol t\u00edzet, hol csak egyet sz\u0151ttem le bel\u0151l\u00fck, s\u0151t egy helyen egy eg\u00e9sz vir\u00e1gos r\u00e9tet is alkottam.<\/p>\n<figure id=\"attachment_27\" aria-describedby=\"caption-attachment-27\" style=\"width: 525px\" class=\"wp-caption aligncenter\"><a href=\"https:\/\/morellahandwoven.hu\/wp-content\/uploads\/2018\/03\/IMG_3778-scaled-1.jpg\"><img loading=\"lazy\" decoding=\"async\" class=\"size-large wp-image-27\" src=\"http:\/\/blog.morcsimuhely.hu\/wp-content\/uploads\/2018\/03\/IMG_3778-1024x768.jpg\" alt=\"\" width=\"525\" height=\"394\" \/><\/a><figcaption id=\"caption-attachment-27\" class=\"wp-caption-text\">M\u00e9g a sz\u00f6v\u0151sz\u00e9ken k\u00e9sz\u00fcl a minta<\/figcaption><\/figure>\n<p>Az igazat megvallva sajn\u00e1ltam azokat a sz\u00e9p fonalakat nem mind beledolgozni a kend\u0151be, \u00edgy addig sz\u0151ttem, am\u00edg el nem fogytak. N\u00e9ha persze fel kellett \u00e1llni mindenf\u00e9le h\u00e9tk\u00f6znapi sz\u00fcks\u00e9gletek miatt, mint ev\u00e9s-iv\u00e1s, de szinte az eg\u00e9sz nap \u00f6sszefolyt a nagy alkot\u00e1sban&#8230; K\u00f6zben a t\u00f6bbiek sorra k\u00e9sz\u00fcltek el a szebbn\u00e9l szebb kend\u0151kkel, rajtam meg egyre n\u0151tt a nyom\u00e1s, hogy ki ne fussak az id\u0151b\u0151l. Az utols\u00f3 ut\u00e1ni pillanatban, de elk\u00e9sz\u00fcltem! A kend\u0151 lev\u00e1g\u00e1sakor Judit el\u00e1rulta, nem hitte, hogy kezd\u0151k\u00e9nt siker\u00fclni fog tak\u00e1csmint\u00e1z\u00e1ssal k\u00e9t m\u00e9ter feletti hosszt elk\u00e9sz\u00edtenem, mert van, akinek ez k\u00e9t alkalomba is beletelik. Ez nagyon j\u00f3l esett, hatalmas d\u00edcs\u00e9retnek \u00e9reztem.<\/p>\n<figure id=\"attachment_29\" aria-describedby=\"caption-attachment-29\" style=\"width: 525px\" class=\"wp-caption aligncenter\"><a href=\"https:\/\/morellahandwoven.hu\/wp-content\/uploads\/2018\/03\/IMG_3788-scaled-1.jpg\"><img loading=\"lazy\" decoding=\"async\" class=\"size-large wp-image-29\" src=\"http:\/\/blog.morcsimuhely.hu\/wp-content\/uploads\/2018\/03\/IMG_3788-1024x768.jpg\" alt=\"\" width=\"525\" height=\"394\" \/><\/a><figcaption id=\"caption-attachment-29\" class=\"wp-caption-text\">Nem sz\u00e1moltam ut\u00e1na, h\u00e1ny ezerszer tettem meg a bevet\u00e9s mozdulat\u00e1t&#8230;<\/figcaption><\/figure>\n<p>Judit reggel mes\u00e9lt r\u00f3la, hogyan hat a sz\u00f6v\u00e9s, a k\u00e9z-l\u00e1b egy\u00fctt koordin\u00e1ci\u00f3ja az agyf\u00e9ltek\u00e9kre, a koncentr\u00e1ci\u00f3r\u00f3l stb. Munka k\u00f6zben \u00e9rtettem meg, mennyire igaza van! A minta l\u00e1b\u00edt\u00e1sa olyan volt, hogy k\u00e9tszer annyi l\u00e9p\u00e9st kellett bal l\u00e1bbal tenni, mint jobbal, mik\u00f6zben a bevet\u00e9s gyakran ett\u0151l f\u00fcggetlen\u00fcl a m\u00e1sik k\u00e9zzel t\u00f6rt\u00e9nt. Ez nekem valahogy egy id\u0151 ut\u00e1n k\u00e9nyelmetlenn\u00e9 v\u00e1lt. Nagyon koncentr\u00e1lnom kellett, szerencs\u00e9re nem sokszor v\u00e9tettem el, ha igen, akkor pedig \u00e9szrevettem \u00e9s tudtam jav\u00edtani. Viszont mikor elk\u00e9sz\u00fcltem, kiengedtem, boldog voltam, de hirtelen r\u00e1m szakadt a nagy f\u00e1radts\u00e1g is. Hazafel\u00e9 az aut\u00f3ban komolyan figyelni kellett a ped\u00e1lokra, kb. 20 \u00e9ve tanul\u00f3vezet\u0151k\u00e9nt \u00e9reztem ilyet. M\u00e9g j\u00f3, hogy az aut\u00f3p\u00e1ly\u00e1n nem kellett sokat v\u00e1ltani \ud83d\ude42<\/p>\n<p>Itthon alig gy\u0151ztem mes\u00e9lni a sok \u00e9lm\u00e9nyt, a F\u00e9rj legink\u00e1bb a sz\u00f6v\u00e9s technikai r\u00e9szletei ir\u00e1nt \u00e9rdekl\u0151d\u00f6tt, \u00e9n meg csak n\u00e9zegettem nagy \u00f6r\u00f6mmel az elk\u00e9sz\u00fclt kend\u0151t. V\u00e1rt m\u00e9g r\u00e1m a v\u00e9gek eldolgoz\u00e1sa, rojtoz\u00e1s, a kend\u0151 anyag\u00e1nak kik\u00e9sz\u00edt\u00e9se, de erre csak k\u00e9s\u0151bb ker\u00edtettem sort&#8230;<\/p>\n<figure id=\"attachment_31\" aria-describedby=\"caption-attachment-31\" style=\"width: 525px\" class=\"wp-caption aligncenter\"><a href=\"https:\/\/morellahandwoven.hu\/wp-content\/uploads\/2018\/03\/IMG_3925-scaled-1.jpg\"><img loading=\"lazy\" decoding=\"async\" class=\"size-large wp-image-31\" src=\"http:\/\/blog.morcsimuhely.hu\/wp-content\/uploads\/2018\/03\/IMG_3925-1024x768.jpg\" alt=\"\" width=\"525\" height=\"394\" \/><\/a><figcaption id=\"caption-attachment-31\" class=\"wp-caption-text\">Mint egy vir\u00e1gos r\u00e9t, rem\u00e9lem gyorsan elhozza m\u00e1r a tavaszt!<\/figcaption><\/figure>\n","protected":false},"excerpt":{"rendered":"<p>M\u00e1r nagyon r\u00e9g\u00f3ta szerettem volna eljutni Judit sz\u00f6v\u0151m\u0171hely\u00e9be. Eddig\u00a0 visszatartott, hogy h\u00e9tk\u00f6znap a gyerekek miatt nem voltam mobil,\u00a0h\u00e9tv\u00e9g\u00e9re pedig sz\u00e1momra bel\u00e1thatatlan \u00e9s tervezhetetlen t\u00e1vols\u00e1gban lehet id\u0151pontot foglalni. Id\u00e9n a helyzet v\u00e1ltozott, lett heti h\u00e1rom szabad h\u00e9tk\u00f6znapom, amit igyekszem is intenz\u00edven kihaszn\u00e1lni, am\u00edg lehet \ud83d\ude42 Nemr\u00e9g kider\u00fclt, hogy egy szomsz\u00e9dom is szeretne sz\u0151ni, s\u0151t mi t\u00f6bb, &hellip; <\/p>\n","protected":false},"author":1,"featured_media":0,"comment_status":"open","ping_status":"open","sticky":false,"template":"","format":"standard","meta":{"footnotes":""},"categories":[33],"tags":[90],"class_list":["post-648","post","type-post","status-publish","format-standard","hentry","category-szoves","tag-szoves"],"_links":{"self":[{"href":"https:\/\/morellahandwoven.hu\/index.php\/wp-json\/wp\/v2\/posts\/648","targetHints":{"allow":["GET"]}}],"collection":[{"href":"https:\/\/morellahandwoven.hu\/index.php\/wp-json\/wp\/v2\/posts"}],"about":[{"href":"https:\/\/morellahandwoven.hu\/index.php\/wp-json\/wp\/v2\/types\/post"}],"author":[{"embeddable":true,"href":"https:\/\/morellahandwoven.hu\/index.php\/wp-json\/wp\/v2\/users\/1"}],"replies":[{"embeddable":true,"href":"https:\/\/morellahandwoven.hu\/index.php\/wp-json\/wp\/v2\/comments?post=648"}],"version-history":[{"count":0,"href":"https:\/\/morellahandwoven.hu\/index.php\/wp-json\/wp\/v2\/posts\/648\/revisions"}],"wp:attachment":[{"href":"https:\/\/morellahandwoven.hu\/index.php\/wp-json\/wp\/v2\/media?parent=648"}],"wp:term":[{"taxonomy":"category","embeddable":true,"href":"https:\/\/morellahandwoven.hu\/index.php\/wp-json\/wp\/v2\/categories?post=648"},{"taxonomy":"post_tag","embeddable":true,"href":"https:\/\/morellahandwoven.hu\/index.php\/wp-json\/wp\/v2\/tags?post=648"}],"curies":[{"name":"wp","href":"https:\/\/api.w.org\/{rel}","templated":true}]}}