{"id":654,"date":"2018-03-13T11:33:51","date_gmt":"2018-03-13T11:33:51","guid":{"rendered":"http:\/\/blog.morcsimuhely.hu\/?p=37"},"modified":"2018-03-13T11:33:51","modified_gmt":"2018-03-13T11:33:51","slug":"szovott-kendo-kikeszitese","status":"publish","type":"post","link":"https:\/\/morellahandwoven.hu\/index.php\/2018\/03\/13\/szovott-kendo-kikeszitese\/","title":{"rendered":"Sz\u00f6v\u00f6tt kend\u0151 kik\u00e9sz\u00edt\u00e9se"},"content":{"rendered":"<p>Kor\u00e1bban <a href=\"http:\/\/blog.morcsimuhely.hu\/szoves\/juditnal-jartam\/\">elmes\u00e9ltem<\/a>, hogyan siker\u00fclt Judit m\u0171hely\u00e9ben egy csodasz\u00e9p pamut-selyem kend\u0151t megsz\u0151ni. \u00c1m azzal, hogy a sz\u00f6v\u0151sz\u00e9kr\u0151l lev\u00e1gtuk, m\u00e9g messze nincsen k\u00e9sz, a sz\u00e9lein kil\u00f3gnak a felvet\u0151sz\u00e1lak, itt-ott kis fonalv\u00e9gek kandik\u00e1lnak&#8230; Ahhoz, hogy ebb\u0151l sz\u00e9p, haszn\u00e1lhat\u00f3, strapab\u00edr\u00f3 kend\u0151 legyen, m\u00e9g t\u00f6bb \u00f3r\u00e1nyi &#8222;m\u00fcty\u00fcrk\u00e9z\u00e9s&#8221; sz\u00fcks\u00e9ges.<\/p>\n<p>El\u0151sz\u00f6r is a kend\u0151nek j\u00f3 egy napot pihennie kell, hogy a sz\u00f6v\u00e9s folyam\u00e1n kifesz\u00edtett sz\u00e1lak &#8222;megnyugodjanak&#8221;, visszah\u00faz\u00f3djanak eredeti form\u00e1jukra. A felvet\u0151sz\u00e1lakat minimum 10 centivel hosszabbra kell hagyni, hogy k\u00e9nyelmesen el lehessen dolgozni \u0151ket. A legegyszer\u0171bb a d\u00edsz\u00edt\u0151 csom\u00f3 k\u00f6t\u00e9se, szokt\u00e1k \u00f6sszefonni is, de \u00e9n most a sodort rojtoz\u00e1st v\u00e1lasztottam.<\/p>\n<p>Az asztalra ter\u00edtett kend\u0151 v\u00e9g\u00e9t le kell sim\u00edtani, r\u00e1tenni egy \u00e9ppen k\u00e9zn\u00e9l lev\u0151 (khm&#8230; :)) nehezebb k\u00f6nyvet. Ki kell n\u00e9zni egy nem t\u00fal vastag, csinos v\u00e9geredm\u00e9nyt ad\u00f3 sz\u00e1lcsoportot. Kett\u00e9v\u00e1lasztani, az esetlegesen kilazult sz\u00e9ls\u0151 vet\u00fcl\u00e9ksort visszanyomogatni a hely\u00e9re, majd kezd\u0151dhet a sodr\u00e1s! Ennek az a l\u00e9nyege, hogy a k\u00e9t fonalk\u00f6teget ugyanabban az ir\u00e1nyban megsodorjuk, majd ellent\u00e9tes ir\u00e1nyban \u00f6sszetekerj\u00fck, z\u00e1r\u00e1sk\u00e9nt lehet\u0151leg azonos hossz\u00fas\u00e1gn\u00e1l csom\u00f3t k\u00f6t\u00fcnk r\u00e1. V\u00e9g\u00fcl m\u00e1r csak le kell oll\u00f3val csipkedni egyenesre a v\u00e9geket. Bonyolultnak hangzik, eleinte nekem sem \u00e1llt r\u00e1 az agyam-kezem a m\u00f3dszerre, majd egyszercsak bevillant, hogy j\u00e9\u00e9\u00e9\u00e9 ez pont olyan, ahogy gyerekkoromban az ostorv\u00e9get tanultam fonni. Onnant\u00f3l m\u00e1r ment, mint a karikacsap\u00e1s \ud83d\ude09<\/p>\n<figure id=\"attachment_43\" aria-describedby=\"caption-attachment-43\" style=\"width: 525px\" class=\"wp-caption aligncenter\"><img loading=\"lazy\" decoding=\"async\" class=\"wp-image-43 size-large\" src=\"http:\/\/blog.morcsimuhely.hu\/wp-content\/uploads\/2018\/03\/IMG_3793-e1520940154583-768x1024.jpg\" alt=\"\" width=\"525\" height=\"700\" \/><figcaption id=\"caption-attachment-43\" class=\"wp-caption-text\">Rojtok sodr\u00e1s ut\u00e1n, oll\u00f3val csipked\u00e9s el\u0151tt<\/figcaption><\/figure>\n<p>Na annyira gyorsan az\u00e9rt nem&#8230; El\u0151sz\u00f6r este \u00e1lltam neki, de r\u00e1j\u00f6ttem, hogy l\u00e1mpaf\u00e9nyn\u00e9l barna asztalon fekete c\u00e9rn\u00e1kat sz\u00e1molgatni szemgyilkos v\u00e1llalkoz\u00e1s. Ezen az al\u00e1tett feh\u00e9r pap\u00edr sem sokat seg\u00edtett. \u00cdgy ki kellett v\u00e1rnom a h\u00e9tv\u00e9g\u00e9t, hogy term\u00e9szetes f\u00e9nyn\u00e9l fejezzem be. Egy rojttal kb. 2 percig foglalkoztam \u00e9s volt bel\u0151l\u00fck 88 db, lehet ut\u00e1na sz\u00e1molni&#8230;<\/p>\n<p>Mikor v\u00e9gre elk\u00e9sz\u00fcltem,be kellett avatni az anyagot, azaz k\u00e9zmeleg v\u00edzben be\u00e1ztatni. \u00d3vatosan kell b\u00e1nni vele, k\u00f6nnyen nemezel\u0151dik, s\u00e9r\u00fcl. Mivel egyedileg festett alapanyagokr\u00f3l volt sz\u00f3, rendesen d\u0151lt bel\u0151l\u00fck a fest\u00e9k. Ez\u00e9rt v\u00e9g\u00fcl h\u00e1romszor kellett vizet cser\u00e9lnem rajta, \u00e9rdekes m\u00f3d minden alkalommal m\u00e1s sz\u00ednek jelentek meg a v\u00edzben, el\u0151sz\u00f6r a lila, azt\u00e1n a z\u00f6ld, majd v\u00e9g\u00fcl valami eg\u00e9sz s\u00f6t\u00e9tz\u00f6ldes \u00e1rnyalatot \u00f6lt\u00f6tt a dolog. Ilyenkor hasznos szolg\u00e1latot tesz a sz\u00ednfog\u00f3 kend\u0151, ami mag\u00e1ba sz\u00edvja a vegyi fest\u00e9k r\u00e9szecsk\u00e9it&#8230;\u00a0Miut\u00e1n megsz\u00e1radt, k\u00f6zepes h\u0151fokon, ruh\u00e1n kereszt\u00fcl, sok g\u0151zzel \u00e1tvasaltam.<\/p>\n<p>Mire mindezzel elk\u00e9sz\u00fcltem, elolvadt a h\u00f3, kis\u00fct\u00f6tt a nap \u00e9s hirtelen tavasz lett. \u00cdgy m\u00e1r csak a fot\u00f3 kedv\u00e9\u00e9rt kellett a t\u00e9likab\u00e1t. A tavaszv\u00e1r\u00f3 kend\u0151m val\u00f3ban meghozta a tavaszt! \ud83d\ude42<\/p>\n<figure id=\"attachment_44\" aria-describedby=\"caption-attachment-44\" style=\"width: 525px\" class=\"wp-caption aligncenter\"><a href=\"http:\/\/blog.morcsimuhely.hu\/wp-content\/uploads\/2018\/03\/IMG_3901-e1520940165695.jpg\"><img loading=\"lazy\" decoding=\"async\" class=\"wp-image-44 size-large\" src=\"http:\/\/blog.morcsimuhely.hu\/wp-content\/uploads\/2018\/03\/IMG_3901-e1520940165695-768x1024.jpg\" alt=\"\" width=\"525\" height=\"700\" \/><\/a><figcaption id=\"caption-attachment-44\" class=\"wp-caption-text\">A t\u00e9likab\u00e1t szerencs\u00e9re m\u00e1r csak illusztr\u00e1ci\u00f3! \ud83d\ude42<\/figcaption><\/figure>\n<p>&nbsp;<\/p>\n<p>&nbsp;<\/p>\n","protected":false},"excerpt":{"rendered":"<p>Kor\u00e1bban elmes\u00e9ltem, hogyan siker\u00fclt Judit m\u0171hely\u00e9ben egy csodasz\u00e9p pamut-selyem kend\u0151t megsz\u0151ni. \u00c1m azzal, hogy a sz\u00f6v\u0151sz\u00e9kr\u0151l lev\u00e1gtuk, m\u00e9g messze nincsen k\u00e9sz, a sz\u00e9lein kil\u00f3gnak a felvet\u0151sz\u00e1lak, itt-ott kis fonalv\u00e9gek kandik\u00e1lnak&#8230; Ahhoz, hogy ebb\u0151l sz\u00e9p, haszn\u00e1lhat\u00f3, strapab\u00edr\u00f3 kend\u0151 legyen, m\u00e9g t\u00f6bb \u00f3r\u00e1nyi &#8222;m\u00fcty\u00fcrk\u00e9z\u00e9s&#8221; sz\u00fcks\u00e9ges. El\u0151sz\u00f6r is a kend\u0151nek j\u00f3 egy napot pihennie kell, hogy a sz\u00f6v\u00e9s &hellip; <\/p>\n","protected":false},"author":1,"featured_media":0,"comment_status":"open","ping_status":"open","sticky":false,"template":"","format":"standard","meta":{"footnotes":""},"categories":[33],"tags":[103,90],"class_list":["post-654","post","type-post","status-publish","format-standard","hentry","category-szoves","tag-rojtozas","tag-szoves"],"_links":{"self":[{"href":"https:\/\/morellahandwoven.hu\/index.php\/wp-json\/wp\/v2\/posts\/654","targetHints":{"allow":["GET"]}}],"collection":[{"href":"https:\/\/morellahandwoven.hu\/index.php\/wp-json\/wp\/v2\/posts"}],"about":[{"href":"https:\/\/morellahandwoven.hu\/index.php\/wp-json\/wp\/v2\/types\/post"}],"author":[{"embeddable":true,"href":"https:\/\/morellahandwoven.hu\/index.php\/wp-json\/wp\/v2\/users\/1"}],"replies":[{"embeddable":true,"href":"https:\/\/morellahandwoven.hu\/index.php\/wp-json\/wp\/v2\/comments?post=654"}],"version-history":[{"count":0,"href":"https:\/\/morellahandwoven.hu\/index.php\/wp-json\/wp\/v2\/posts\/654\/revisions"}],"wp:attachment":[{"href":"https:\/\/morellahandwoven.hu\/index.php\/wp-json\/wp\/v2\/media?parent=654"}],"wp:term":[{"taxonomy":"category","embeddable":true,"href":"https:\/\/morellahandwoven.hu\/index.php\/wp-json\/wp\/v2\/categories?post=654"},{"taxonomy":"post_tag","embeddable":true,"href":"https:\/\/morellahandwoven.hu\/index.php\/wp-json\/wp\/v2\/tags?post=654"}],"curies":[{"name":"wp","href":"https:\/\/api.w.org\/{rel}","templated":true}]}}